{"id":254,"date":"2020-01-06T14:22:32","date_gmt":"2020-01-06T14:22:32","guid":{"rendered":"https:\/\/tsf-duelmen.de\/?p=254"},"modified":"2021-01-04T16:30:56","modified_gmt":"2021-01-04T16:30:56","slug":"tsf-vorstand","status":"publish","type":"post","link":"https:\/\/tsf-duelmen.de\/index.php\/2020\/01\/06\/tsf-vorstand\/","title":{"rendered":"Unser Vorstand"},"content":{"rendered":"\t\t<div data-elementor-type=\"wp-post\" data-elementor-id=\"254\" class=\"elementor elementor-254\" data-elementor-post-type=\"post\">\n\t\t\t\t\t\t<section class=\"elementor-section elementor-top-section elementor-element elementor-element-6b4496b4 elementor-section-boxed elementor-section-height-default elementor-section-height-default\" data-id=\"6b4496b4\" data-element_type=\"section\" data-e-type=\"section\">\n\t\t\t\t\t\t<div class=\"elementor-container elementor-column-gap-default\">\n\t\t\t\t\t<div class=\"elementor-column elementor-col-100 elementor-top-column elementor-element elementor-element-5feae87d\" data-id=\"5feae87d\" data-element_type=\"column\" data-e-type=\"column\">\n\t\t\t<div class=\"elementor-widget-wrap elementor-element-populated\">\n\t\t\t\t\t\t<div class=\"elementor-element elementor-element-4b78906 elementor-widget elementor-widget-heading\" data-id=\"4b78906\" data-element_type=\"widget\" data-e-type=\"widget\" data-widget_type=\"heading.default\">\n\t\t\t\t<div class=\"elementor-widget-container\">\n\t\t\t\t\t<h2 class=\"elementor-heading-title elementor-size-default\">Unser Vorstand<\/h2>\t\t\t\t<\/div>\n\t\t\t\t<\/div>\n\t\t\t\t<div class=\"elementor-element elementor-element-7bfe2d83 elementor-widget elementor-widget-text-editor\" data-id=\"7bfe2d83\" data-element_type=\"widget\" data-e-type=\"widget\" data-widget_type=\"text-editor.default\">\n\t\t\t\t<div class=\"elementor-widget-container\">\n\t\t\t\t\t\t\t\t\t<p><\/p>\n<p><strong>Kathryn Leweling-H\u00f6busch und Mark Leweling,\u00a0<\/strong><span style=\"font-size: inherit;\">sind sowohl als Trainer als auch als Vorstandsmitglieder im Verein aktiv.<\/span><\/p>\n<p>Seit 2006 haben Kathryn und Mark den Erwachsenenbereich im Paartanz bei den\u00a0TanzSportFreunden aufgebaut und unterrichten die Gesellschaftskreise donnerstags und\u00a0sonntags. In regelm\u00e4\u00dfigen Abst\u00e4nden geben sie Kurse im Discofox und auch in den Standard- und Lateint\u00e4nzen f\u00fcr Anf\u00e4nger und Wiedereinsteiger. Lange Jahre haben die beiden auch die Showformationen \u201eLatinos\u201c und \u201eTenDance\u201c betreut.<\/p>\n<p><\/p>\n<p><\/p>\t\t\t\t\t\t\t\t<\/div>\n\t\t\t\t<\/div>\n\t\t\t\t<div class=\"elementor-element elementor-element-cb19cb6 elementor-widget elementor-widget-image\" data-id=\"cb19cb6\" data-element_type=\"widget\" data-e-type=\"widget\" data-widget_type=\"image.default\">\n\t\t\t\t<div class=\"elementor-widget-container\">\n\t\t\t\t\t\t\t\t\t\t\t\t\t\t\t<img fetchpriority=\"high\" decoding=\"async\" width=\"750\" height=\"500\" src=\"https:\/\/tsf-duelmen.de\/wp-content\/uploads\/2020\/01\/TSF-Duelmen-Vorstand-1024x683.jpg\" class=\"attachment-large size-large wp-image-256\" alt=\"\" srcset=\"https:\/\/tsf-duelmen.de\/wp-content\/uploads\/2020\/01\/TSF-Duelmen-Vorstand-1024x683.jpg 1024w, https:\/\/tsf-duelmen.de\/wp-content\/uploads\/2020\/01\/TSF-Duelmen-Vorstand-300x200.jpg 300w, https:\/\/tsf-duelmen.de\/wp-content\/uploads\/2020\/01\/TSF-Duelmen-Vorstand-768x512.jpg 768w, https:\/\/tsf-duelmen.de\/wp-content\/uploads\/2020\/01\/TSF-Duelmen-Vorstand-1536x1024.jpg 1536w, https:\/\/tsf-duelmen.de\/wp-content\/uploads\/2020\/01\/TSF-Duelmen-Vorstand-2048x1365.jpg 2048w, https:\/\/tsf-duelmen.de\/wp-content\/uploads\/2020\/01\/TSF-Duelmen-Vorstand-360x240.jpg 360w, https:\/\/tsf-duelmen.de\/wp-content\/uploads\/2020\/01\/TSF-Duelmen-Vorstand-600x400.jpg 600w\" sizes=\"(max-width: 750px) 100vw, 750px\" \/>\t\t\t\t\t\t\t\t\t\t\t\t\t\t\t<\/div>\n\t\t\t\t<\/div>\n\t\t\t\t<div class=\"elementor-element elementor-element-307f2fc elementor-widget elementor-widget-text-editor\" data-id=\"307f2fc\" data-element_type=\"widget\" data-e-type=\"widget\" data-widget_type=\"text-editor.default\">\n\t\t\t\t<div class=\"elementor-widget-container\">\n\t\t\t\t\t\t\t\t\t<p><span>Kathryn und Mark sind seit 1990 im Tanzsport aktiv und k\u00f6nnen auf eine erfolgreiche\u00a0<\/span><span>Laufbahn sowohl im Formationstanzen als auch im Einzeltanzen zur\u00fcckblicken. Mit den\u00a0<\/span><span>Formationen des TD TSC D\u00fcsseldorf Rot-Wei\u00df haben Kathryn und Mark in der 1.<\/span><span>Bundesliga getanzt und Erfolge bei den Deutschen Meisterschaften und<\/span><br \/><span>Europameisterschaften erzielt. Im Einzeltanzen haben sie bei vielen nationalen und\u00a0<\/span><span>internationalen Turnieren getanzt. <\/span><\/p>\n<p><span>Die gr\u00f6\u00dften Erfolge sind der Gewinn der Deutschen\u00a0<\/span><span>Meisterschaft und der Westdeutschen Meisterschaft in der HGR II S-Latein 2007 sowie der\u00a0<\/span><span>Vize-Meistertitel der Landesmeisterschaften HGR II C-Standard 2008, verbunden mit dem<\/span><br \/><span>Aufstieg in die HGR B-Standard. Regelm\u00e4\u00dfig haben sie mit Erfolg an den gro\u00dfen\u00a0<\/span><span>Tanzsportevents weltweit teilgenommen, u.a. in england, den Niederlanden, Tschechien oder\u00a0<\/span><span>Italien. Hierzu z\u00e4hlten z.B. das gr\u00f6\u00dfte Turnier der Welt in Blackpool, bei dem sie unter die\u00a0<\/span><span>besten 200 von 600 Paare kamen, den German Open Championships in Stuttgart odern den\u00a0<\/span><span>Holland Masters in den Niederlanden. Sie erreichten mehrfach die Top 20 und siegten beim<\/span><br \/><span>International Latin Masters in Hasselt \/ Belgien.\u00a0<\/span><\/p>\n<p><span>Auch f\u00fcr Hochzeitspaare oder den angehenden Sch\u00fctzenk\u00f6nig bieten sie Kurse an und geben\u00a0<\/span><span>ihr Know-How bei allen Veranstaltungen der TanzSportFreunde, auch au\u00dferhalb des\u00a0<\/span><span>klassischen Tanzsports, weiter.<\/span><\/p>\n<p><br \/><span>Seit 2013 gestalten Kathryn und Mark den Verein ma\u00dfgeblich mit, Mark ist 1. Vorsitzender\u00a0<\/span><span>und Kahtryn als Beisitzerin im Vorstand t\u00e4tig.<\/span><\/p>\t\t\t\t\t\t\t\t<\/div>\n\t\t\t\t<\/div>\n\t\t\t\t\t<\/div>\n\t\t<\/div>\n\t\t\t\t\t<\/div>\n\t\t<\/section>\n\t\t\t\t<\/div>\n\t\t","protected":false},"excerpt":{"rendered":"<p>Kathryn Leweling-H\u00f6busch und Mark Leweling,&nbsp;sind sowohl als Trainer als auch als Vorstandsmitglieder im Verein aktiv. Seit 2006 haben Kathryn und Mark den Erwachsenenbereich im Paartanz bei den&nbsp;TanzSportFreunden aufgebaut und unterrichten die Gesellschaftskreise donnerstags und&nbsp;sonntags. In regelm\u00e4\u00dfigen Abst\u00e4nden geben sie Kurse im Discofox und auch in den Standard- und Lateint\u00e4nzen f\u00fcr [&hellip;]<\/p>\n","protected":false},"author":1,"featured_media":256,"comment_status":"closed","ping_status":"closed","sticky":false,"template":"","format":"standard","meta":{"footnotes":""},"categories":[23],"tags":[27],"class_list":["post-254","post","type-post","status-publish","format-standard","has-post-thumbnail","hentry","category-verein","tag-vorstand"],"yoast_head":"<!-- This site is optimized with the Yoast SEO plugin v27.5 - https:\/\/yoast.com\/product\/yoast-seo-wordpress\/ -->\n<title>Unser Vorstand - TSF D\u00fclmen<\/title>\n<meta name=\"robots\" content=\"index, follow, max-snippet:-1, max-image-preview:large, max-video-preview:-1\" \/>\n<link rel=\"canonical\" href=\"https:\/\/tsf-duelmen.de\/index.php\/2020\/01\/06\/tsf-vorstand\/\" \/>\n<meta property=\"og:locale\" content=\"de_DE\" \/>\n<meta property=\"og:type\" content=\"article\" \/>\n<meta property=\"og:title\" content=\"Unser Vorstand - TSF D\u00fclmen\" \/>\n<meta property=\"og:description\" content=\"Kathryn Leweling-H\u00f6busch und Mark Leweling,&nbsp;sind sowohl als Trainer als auch als Vorstandsmitglieder im Verein aktiv. Seit 2006 haben Kathryn und Mark den Erwachsenenbereich im Paartanz bei den&nbsp;TanzSportFreunden aufgebaut und unterrichten die Gesellschaftskreise donnerstags und&nbsp;sonntags. In regelm\u00e4\u00dfigen Abst\u00e4nden geben sie Kurse im Discofox und auch in den Standard- und Lateint\u00e4nzen f\u00fcr [&hellip;]\" \/>\n<meta property=\"og:url\" content=\"https:\/\/tsf-duelmen.de\/index.php\/2020\/01\/06\/tsf-vorstand\/\" \/>\n<meta property=\"og:site_name\" content=\"TSF D\u00fclmen\" \/>\n<meta property=\"article:published_time\" content=\"2020-01-06T14:22:32+00:00\" \/>\n<meta property=\"article:modified_time\" content=\"2021-01-04T16:30:56+00:00\" \/>\n<meta property=\"og:image\" content=\"https:\/\/tsf-duelmen.de\/wp-content\/uploads\/2020\/01\/TSF-Duelmen-Vorstand-scaled.jpg\" \/>\n\t<meta property=\"og:image:width\" content=\"2560\" \/>\n\t<meta property=\"og:image:height\" content=\"1707\" \/>\n\t<meta property=\"og:image:type\" content=\"image\/jpeg\" \/>\n<meta name=\"author\" content=\"admin\" \/>\n<meta name=\"twitter:card\" content=\"summary_large_image\" \/>\n<meta name=\"twitter:label1\" content=\"Verfasst von\" \/>\n\t<meta name=\"twitter:data1\" content=\"admin\" \/>\n\t<meta name=\"twitter:label2\" content=\"Gesch\u00e4tzte Lesezeit\" \/>\n\t<meta name=\"twitter:data2\" content=\"2\u00a0Minuten\" \/>\n<script type=\"application\/ld+json\" class=\"yoast-schema-graph\">{\"@context\":\"https:\\\/\\\/schema.org\",\"@graph\":[{\"@type\":\"Article\",\"@id\":\"https:\\\/\\\/tsf-duelmen.de\\\/index.php\\\/2020\\\/01\\\/06\\\/tsf-vorstand\\\/#article\",\"isPartOf\":{\"@id\":\"https:\\\/\\\/tsf-duelmen.de\\\/index.php\\\/2020\\\/01\\\/06\\\/tsf-vorstand\\\/\"},\"author\":{\"name\":\"admin\",\"@id\":\"https:\\\/\\\/tsf-duelmen.de\\\/#\\\/schema\\\/person\\\/46a00230872f0083239cd7a2d5ec626a\"},\"headline\":\"Unser Vorstand\",\"datePublished\":\"2020-01-06T14:22:32+00:00\",\"dateModified\":\"2021-01-04T16:30:56+00:00\",\"mainEntityOfPage\":{\"@id\":\"https:\\\/\\\/tsf-duelmen.de\\\/index.php\\\/2020\\\/01\\\/06\\\/tsf-vorstand\\\/\"},\"wordCount\":306,\"publisher\":{\"@id\":\"https:\\\/\\\/tsf-duelmen.de\\\/#organization\"},\"image\":{\"@id\":\"https:\\\/\\\/tsf-duelmen.de\\\/index.php\\\/2020\\\/01\\\/06\\\/tsf-vorstand\\\/#primaryimage\"},\"thumbnailUrl\":\"https:\\\/\\\/tsf-duelmen.de\\\/wp-content\\\/uploads\\\/2020\\\/01\\\/TSF-Duelmen-Vorstand-scaled.jpg\",\"keywords\":[\"Vorstand\"],\"articleSection\":[\"Verein\"],\"inLanguage\":\"de\"},{\"@type\":\"WebPage\",\"@id\":\"https:\\\/\\\/tsf-duelmen.de\\\/index.php\\\/2020\\\/01\\\/06\\\/tsf-vorstand\\\/\",\"url\":\"https:\\\/\\\/tsf-duelmen.de\\\/index.php\\\/2020\\\/01\\\/06\\\/tsf-vorstand\\\/\",\"name\":\"Unser Vorstand - TSF D\u00fclmen\",\"isPartOf\":{\"@id\":\"https:\\\/\\\/tsf-duelmen.de\\\/#website\"},\"primaryImageOfPage\":{\"@id\":\"https:\\\/\\\/tsf-duelmen.de\\\/index.php\\\/2020\\\/01\\\/06\\\/tsf-vorstand\\\/#primaryimage\"},\"image\":{\"@id\":\"https:\\\/\\\/tsf-duelmen.de\\\/index.php\\\/2020\\\/01\\\/06\\\/tsf-vorstand\\\/#primaryimage\"},\"thumbnailUrl\":\"https:\\\/\\\/tsf-duelmen.de\\\/wp-content\\\/uploads\\\/2020\\\/01\\\/TSF-Duelmen-Vorstand-scaled.jpg\",\"datePublished\":\"2020-01-06T14:22:32+00:00\",\"dateModified\":\"2021-01-04T16:30:56+00:00\",\"breadcrumb\":{\"@id\":\"https:\\\/\\\/tsf-duelmen.de\\\/index.php\\\/2020\\\/01\\\/06\\\/tsf-vorstand\\\/#breadcrumb\"},\"inLanguage\":\"de\",\"potentialAction\":[{\"@type\":\"ReadAction\",\"target\":[\"https:\\\/\\\/tsf-duelmen.de\\\/index.php\\\/2020\\\/01\\\/06\\\/tsf-vorstand\\\/\"]}]},{\"@type\":\"ImageObject\",\"inLanguage\":\"de\",\"@id\":\"https:\\\/\\\/tsf-duelmen.de\\\/index.php\\\/2020\\\/01\\\/06\\\/tsf-vorstand\\\/#primaryimage\",\"url\":\"https:\\\/\\\/tsf-duelmen.de\\\/wp-content\\\/uploads\\\/2020\\\/01\\\/TSF-Duelmen-Vorstand-scaled.jpg\",\"contentUrl\":\"https:\\\/\\\/tsf-duelmen.de\\\/wp-content\\\/uploads\\\/2020\\\/01\\\/TSF-Duelmen-Vorstand-scaled.jpg\",\"width\":2560,\"height\":1707},{\"@type\":\"BreadcrumbList\",\"@id\":\"https:\\\/\\\/tsf-duelmen.de\\\/index.php\\\/2020\\\/01\\\/06\\\/tsf-vorstand\\\/#breadcrumb\",\"itemListElement\":[{\"@type\":\"ListItem\",\"position\":1,\"name\":\"Home\",\"item\":\"https:\\\/\\\/tsf-duelmen.de\\\/\"},{\"@type\":\"ListItem\",\"position\":2,\"name\":\"Unser Vorstand\"}]},{\"@type\":\"WebSite\",\"@id\":\"https:\\\/\\\/tsf-duelmen.de\\\/#website\",\"url\":\"https:\\\/\\\/tsf-duelmen.de\\\/\",\"name\":\"TSF D\u00fclmen\",\"description\":\"Tanzen ist tr\u00e4umen mit de F\u00fcssen\",\"publisher\":{\"@id\":\"https:\\\/\\\/tsf-duelmen.de\\\/#organization\"},\"potentialAction\":[{\"@type\":\"SearchAction\",\"target\":{\"@type\":\"EntryPoint\",\"urlTemplate\":\"https:\\\/\\\/tsf-duelmen.de\\\/?s={search_term_string}\"},\"query-input\":{\"@type\":\"PropertyValueSpecification\",\"valueRequired\":true,\"valueName\":\"search_term_string\"}}],\"inLanguage\":\"de\"},{\"@type\":\"Organization\",\"@id\":\"https:\\\/\\\/tsf-duelmen.de\\\/#organization\",\"name\":\"TSF D\u00fclmen\",\"url\":\"https:\\\/\\\/tsf-duelmen.de\\\/\",\"logo\":{\"@type\":\"ImageObject\",\"inLanguage\":\"de\",\"@id\":\"https:\\\/\\\/tsf-duelmen.de\\\/#\\\/schema\\\/logo\\\/image\\\/\",\"url\":\"https:\\\/\\\/tsf-duelmen.de\\\/wp-content\\\/uploads\\\/2019\\\/12\\\/cropped-TSF_Logo_wH_RZ.png\",\"contentUrl\":\"https:\\\/\\\/tsf-duelmen.de\\\/wp-content\\\/uploads\\\/2019\\\/12\\\/cropped-TSF_Logo_wH_RZ.png\",\"width\":1387,\"height\":793,\"caption\":\"TSF D\u00fclmen\"},\"image\":{\"@id\":\"https:\\\/\\\/tsf-duelmen.de\\\/#\\\/schema\\\/logo\\\/image\\\/\"}},{\"@type\":\"Person\",\"@id\":\"https:\\\/\\\/tsf-duelmen.de\\\/#\\\/schema\\\/person\\\/46a00230872f0083239cd7a2d5ec626a\",\"name\":\"admin\",\"image\":{\"@type\":\"ImageObject\",\"inLanguage\":\"de\",\"@id\":\"https:\\\/\\\/secure.gravatar.com\\\/avatar\\\/c975a9a2e7b13b29b573a21310a932b3999e0ff0c406bbd5871120c8c59083c8?s=96&d=mm&r=g\",\"url\":\"https:\\\/\\\/secure.gravatar.com\\\/avatar\\\/c975a9a2e7b13b29b573a21310a932b3999e0ff0c406bbd5871120c8c59083c8?s=96&d=mm&r=g\",\"contentUrl\":\"https:\\\/\\\/secure.gravatar.com\\\/avatar\\\/c975a9a2e7b13b29b573a21310a932b3999e0ff0c406bbd5871120c8c59083c8?s=96&d=mm&r=g\",\"caption\":\"admin\"},\"url\":\"https:\\\/\\\/tsf-duelmen.de\\\/index.php\\\/author\\\/tsfadmin\\\/\"}]}<\/script>\n<!-- \/ Yoast SEO plugin. -->","yoast_head_json":{"title":"Unser Vorstand - TSF D\u00fclmen","robots":{"index":"index","follow":"follow","max-snippet":"max-snippet:-1","max-image-preview":"max-image-preview:large","max-video-preview":"max-video-preview:-1"},"canonical":"https:\/\/tsf-duelmen.de\/index.php\/2020\/01\/06\/tsf-vorstand\/","og_locale":"de_DE","og_type":"article","og_title":"Unser Vorstand - TSF D\u00fclmen","og_description":"Kathryn Leweling-H\u00f6busch und Mark Leweling,&nbsp;sind sowohl als Trainer als auch als Vorstandsmitglieder im Verein aktiv. Seit 2006 haben Kathryn und Mark den Erwachsenenbereich im Paartanz bei den&nbsp;TanzSportFreunden aufgebaut und unterrichten die Gesellschaftskreise donnerstags und&nbsp;sonntags. In regelm\u00e4\u00dfigen Abst\u00e4nden geben sie Kurse im Discofox und auch in den Standard- und Lateint\u00e4nzen f\u00fcr [&hellip;]","og_url":"https:\/\/tsf-duelmen.de\/index.php\/2020\/01\/06\/tsf-vorstand\/","og_site_name":"TSF D\u00fclmen","article_published_time":"2020-01-06T14:22:32+00:00","article_modified_time":"2021-01-04T16:30:56+00:00","og_image":[{"width":2560,"height":1707,"url":"https:\/\/tsf-duelmen.de\/wp-content\/uploads\/2020\/01\/TSF-Duelmen-Vorstand-scaled.jpg","type":"image\/jpeg"}],"author":"admin","twitter_card":"summary_large_image","twitter_misc":{"Verfasst von":"admin","Gesch\u00e4tzte Lesezeit":"2\u00a0Minuten"},"schema":{"@context":"https:\/\/schema.org","@graph":[{"@type":"Article","@id":"https:\/\/tsf-duelmen.de\/index.php\/2020\/01\/06\/tsf-vorstand\/#article","isPartOf":{"@id":"https:\/\/tsf-duelmen.de\/index.php\/2020\/01\/06\/tsf-vorstand\/"},"author":{"name":"admin","@id":"https:\/\/tsf-duelmen.de\/#\/schema\/person\/46a00230872f0083239cd7a2d5ec626a"},"headline":"Unser Vorstand","datePublished":"2020-01-06T14:22:32+00:00","dateModified":"2021-01-04T16:30:56+00:00","mainEntityOfPage":{"@id":"https:\/\/tsf-duelmen.de\/index.php\/2020\/01\/06\/tsf-vorstand\/"},"wordCount":306,"publisher":{"@id":"https:\/\/tsf-duelmen.de\/#organization"},"image":{"@id":"https:\/\/tsf-duelmen.de\/index.php\/2020\/01\/06\/tsf-vorstand\/#primaryimage"},"thumbnailUrl":"https:\/\/tsf-duelmen.de\/wp-content\/uploads\/2020\/01\/TSF-Duelmen-Vorstand-scaled.jpg","keywords":["Vorstand"],"articleSection":["Verein"],"inLanguage":"de"},{"@type":"WebPage","@id":"https:\/\/tsf-duelmen.de\/index.php\/2020\/01\/06\/tsf-vorstand\/","url":"https:\/\/tsf-duelmen.de\/index.php\/2020\/01\/06\/tsf-vorstand\/","name":"Unser Vorstand - TSF D\u00fclmen","isPartOf":{"@id":"https:\/\/tsf-duelmen.de\/#website"},"primaryImageOfPage":{"@id":"https:\/\/tsf-duelmen.de\/index.php\/2020\/01\/06\/tsf-vorstand\/#primaryimage"},"image":{"@id":"https:\/\/tsf-duelmen.de\/index.php\/2020\/01\/06\/tsf-vorstand\/#primaryimage"},"thumbnailUrl":"https:\/\/tsf-duelmen.de\/wp-content\/uploads\/2020\/01\/TSF-Duelmen-Vorstand-scaled.jpg","datePublished":"2020-01-06T14:22:32+00:00","dateModified":"2021-01-04T16:30:56+00:00","breadcrumb":{"@id":"https:\/\/tsf-duelmen.de\/index.php\/2020\/01\/06\/tsf-vorstand\/#breadcrumb"},"inLanguage":"de","potentialAction":[{"@type":"ReadAction","target":["https:\/\/tsf-duelmen.de\/index.php\/2020\/01\/06\/tsf-vorstand\/"]}]},{"@type":"ImageObject","inLanguage":"de","@id":"https:\/\/tsf-duelmen.de\/index.php\/2020\/01\/06\/tsf-vorstand\/#primaryimage","url":"https:\/\/tsf-duelmen.de\/wp-content\/uploads\/2020\/01\/TSF-Duelmen-Vorstand-scaled.jpg","contentUrl":"https:\/\/tsf-duelmen.de\/wp-content\/uploads\/2020\/01\/TSF-Duelmen-Vorstand-scaled.jpg","width":2560,"height":1707},{"@type":"BreadcrumbList","@id":"https:\/\/tsf-duelmen.de\/index.php\/2020\/01\/06\/tsf-vorstand\/#breadcrumb","itemListElement":[{"@type":"ListItem","position":1,"name":"Home","item":"https:\/\/tsf-duelmen.de\/"},{"@type":"ListItem","position":2,"name":"Unser Vorstand"}]},{"@type":"WebSite","@id":"https:\/\/tsf-duelmen.de\/#website","url":"https:\/\/tsf-duelmen.de\/","name":"TSF D\u00fclmen","description":"Tanzen ist tr\u00e4umen mit de F\u00fcssen","publisher":{"@id":"https:\/\/tsf-duelmen.de\/#organization"},"potentialAction":[{"@type":"SearchAction","target":{"@type":"EntryPoint","urlTemplate":"https:\/\/tsf-duelmen.de\/?s={search_term_string}"},"query-input":{"@type":"PropertyValueSpecification","valueRequired":true,"valueName":"search_term_string"}}],"inLanguage":"de"},{"@type":"Organization","@id":"https:\/\/tsf-duelmen.de\/#organization","name":"TSF D\u00fclmen","url":"https:\/\/tsf-duelmen.de\/","logo":{"@type":"ImageObject","inLanguage":"de","@id":"https:\/\/tsf-duelmen.de\/#\/schema\/logo\/image\/","url":"https:\/\/tsf-duelmen.de\/wp-content\/uploads\/2019\/12\/cropped-TSF_Logo_wH_RZ.png","contentUrl":"https:\/\/tsf-duelmen.de\/wp-content\/uploads\/2019\/12\/cropped-TSF_Logo_wH_RZ.png","width":1387,"height":793,"caption":"TSF D\u00fclmen"},"image":{"@id":"https:\/\/tsf-duelmen.de\/#\/schema\/logo\/image\/"}},{"@type":"Person","@id":"https:\/\/tsf-duelmen.de\/#\/schema\/person\/46a00230872f0083239cd7a2d5ec626a","name":"admin","image":{"@type":"ImageObject","inLanguage":"de","@id":"https:\/\/secure.gravatar.com\/avatar\/c975a9a2e7b13b29b573a21310a932b3999e0ff0c406bbd5871120c8c59083c8?s=96&d=mm&r=g","url":"https:\/\/secure.gravatar.com\/avatar\/c975a9a2e7b13b29b573a21310a932b3999e0ff0c406bbd5871120c8c59083c8?s=96&d=mm&r=g","contentUrl":"https:\/\/secure.gravatar.com\/avatar\/c975a9a2e7b13b29b573a21310a932b3999e0ff0c406bbd5871120c8c59083c8?s=96&d=mm&r=g","caption":"admin"},"url":"https:\/\/tsf-duelmen.de\/index.php\/author\/tsfadmin\/"}]}},"jetpack_featured_media_url":"https:\/\/tsf-duelmen.de\/wp-content\/uploads\/2020\/01\/TSF-Duelmen-Vorstand-scaled.jpg","_links":{"self":[{"href":"https:\/\/tsf-duelmen.de\/index.php\/wp-json\/wp\/v2\/posts\/254","targetHints":{"allow":["GET"]}}],"collection":[{"href":"https:\/\/tsf-duelmen.de\/index.php\/wp-json\/wp\/v2\/posts"}],"about":[{"href":"https:\/\/tsf-duelmen.de\/index.php\/wp-json\/wp\/v2\/types\/post"}],"author":[{"embeddable":true,"href":"https:\/\/tsf-duelmen.de\/index.php\/wp-json\/wp\/v2\/users\/1"}],"replies":[{"embeddable":true,"href":"https:\/\/tsf-duelmen.de\/index.php\/wp-json\/wp\/v2\/comments?post=254"}],"version-history":[{"count":6,"href":"https:\/\/tsf-duelmen.de\/index.php\/wp-json\/wp\/v2\/posts\/254\/revisions"}],"predecessor-version":[{"id":261,"href":"https:\/\/tsf-duelmen.de\/index.php\/wp-json\/wp\/v2\/posts\/254\/revisions\/261"}],"wp:featuredmedia":[{"embeddable":true,"href":"https:\/\/tsf-duelmen.de\/index.php\/wp-json\/wp\/v2\/media\/256"}],"wp:attachment":[{"href":"https:\/\/tsf-duelmen.de\/index.php\/wp-json\/wp\/v2\/media?parent=254"}],"wp:term":[{"taxonomy":"category","embeddable":true,"href":"https:\/\/tsf-duelmen.de\/index.php\/wp-json\/wp\/v2\/categories?post=254"},{"taxonomy":"post_tag","embeddable":true,"href":"https:\/\/tsf-duelmen.de\/index.php\/wp-json\/wp\/v2\/tags?post=254"}],"curies":[{"name":"wp","href":"https:\/\/api.w.org\/{rel}","templated":true}]}}